{"id":1992,"date":"2025-10-08T12:53:10","date_gmt":"2025-10-08T10:53:10","guid":{"rendered":"https:\/\/www.dullac.fr\/blog\/?p=1992"},"modified":"2026-03-31T17:45:14","modified_gmt":"2026-03-31T15:45:14","slug":"lucie-progress-la-nouvelle-etape-de-note-engagement-rse","status":"publish","type":"post","link":"https:\/\/www.dullac.fr\/blog\/lucie-progress-la-nouvelle-etape-de-note-engagement-rse\/","title":{"rendered":"Lucie Progress : La nouvelle \u00e9tape de note engagement RSE"},"content":{"rendered":"\n<p>Chez <strong>DULLAC<\/strong>, nous avons toujours mis l\u2019humain, la qualit\u00e9 et la responsabilit\u00e9 au c\u0153ur de notre d\u00e9veloppement. Aujourd\u2019hui, nous franchissons une nouvelle \u00e9tape importante en nous engageant dans la <strong>labellisation Lucie Progress<\/strong>, une d\u00e9marche <strong>RSE<\/strong> bas\u00e9e sur la <strong>norme internationale ISO 26000<\/strong>.<\/p>\n\n\n\n<hr class=\"wp-block-separator has-alpha-channel-opacity\"\/>\n\n\n\n<h2 class=\"wp-block-heading\">Qu\u2019est-ce que le label Lucie Progress ?<\/h2>\n\n\n\n<p>Le <strong>label Lucie Progress<\/strong> accompagne les entreprises dans la mise en \u0153uvre d\u2019une strat\u00e9gie de <strong>Responsabilit\u00e9 Soci\u00e9tale des Entreprises (RSE)<\/strong>.<br>Son objectif : aider les organisations \u00e0 <strong>structurer, mesurer et am\u00e9liorer<\/strong> leurs actions sociales, environnementales et \u00e9conomiques.<\/p>\n\n\n\n<p>Contrairement au label <strong>Lucie 26000<\/strong>, il offre une <strong>approche progressive<\/strong> et accessible, id\u00e9ale pour les entreprises souhaitant avancer pas \u00e0 pas vers une performance durable.<\/p>\n\n\n\n<p>\ud83d\udc49 <em>En savoir plus sur notre d\u00e9marche RSE<\/em> \u2192 <a href=\"https:\/\/www.dullac.fr\/pages\/nos-engagements-rse\/\" target=\"_blank\" rel=\"noreferrer noopener\">Nos engagements RSE <\/a><\/p>\n\n\n\n<hr class=\"wp-block-separator has-alpha-channel-opacity\"\/>\n\n\n\n<h2 class=\"wp-block-heading\">Pourquoi DULLAC a choisi Lucie Progress<\/h2>\n\n\n\n<p>Nous avons choisi <strong>Lucie Progress<\/strong> car cette approche correspond parfaitement \u00e0 nos <strong>valeurs et priorit\u00e9s<\/strong> :<\/p>\n\n\n\n<h3 class=\"wp-block-heading\">R\u00e9duire notre impact environnemental<\/h3>\n\n\n\n<p>Limiter les d\u00e9chets, optimiser nos consommations et favoriser des partenaires responsables font partie de nos actions quotidiennes.<\/p>\n\n\n\n<h3 class=\"wp-block-heading\">Am\u00e9liorer les conditions de travail<\/h3>\n\n\n\n<p>Nos collaborateurs sont au centre de notre r\u00e9ussite : nous veillons \u00e0 leur bien-\u00eatre, \u00e0 leur s\u00e9curit\u00e9 et \u00e0 leur mont\u00e9e en comp\u00e9tences.<\/p>\n\n\n\n<h3 class=\"wp-block-heading\">Renforcer notre lien avec le territoire<\/h3>\n\n\n\n<p>Nous restons profond\u00e9ment ancr\u00e9s dans notre environnement local, en soutenant les acteurs \u00e9conomiques r\u00e9gionaux et les projets du territoire.<\/p>\n\n\n\n<hr class=\"wp-block-separator has-alpha-channel-opacity\"\/>\n\n\n\n<h2 class=\"wp-block-heading\">Le processus de labellisation Lucie Progress<\/h2>\n\n\n\n<p>L\u2019obtention du label se d\u00e9roule en plusieurs \u00e9tapes pr\u00e9cises :<\/p>\n\n\n\n<ol class=\"wp-block-list\">\n<li><strong>\u00c9tat des lieux et pr\u00e9-scoring interne<\/strong> pour \u00e9valuer notre point de d\u00e9part.<\/li>\n\n\n\n<li><strong>\u00c9valuation par un expert Lucie<\/strong>, sur la base de nos donn\u00e9es RSE, afin d\u2019identifier nos forces et nos axes d\u2019am\u00e9lioration.<\/li>\n\n\n\n<li><strong>\u00c9laboration d\u2019un plan d\u2019actions sur deux ans<\/strong>, avec des objectifs, des indicateurs de suivi et des responsables identifi\u00e9s.<\/li>\n\n\n\n<li>Si le <strong>score minimum de 300 points sur 1000<\/strong> est atteint, <strong>le label Lucie Progress est attribu\u00e9 pour une dur\u00e9e de deux ans<\/strong>.<\/li>\n<\/ol>\n\n\n\n<p>Pendant cette p\u00e9riode, nous mettrons en \u0153uvre les engagements d\u00e9finis, suivrons nos progr\u00e8s et pr\u00e9parerons le renouvellement du label.<\/p>\n\n\n\n<hr class=\"wp-block-separator has-alpha-channel-opacity\"\/>\n\n\n\n<h2 class=\"wp-block-heading\">Une reconnaissance qui valorise nos engagements<\/h2>\n\n\n\n<p>Cette labellisation, pr\u00e9vue <strong>d\u2019ici juillet-ao\u00fbt 2026<\/strong>, viendra r\u00e9compenser les efforts d\u00e9j\u00e0 entrepris par DULLAC et renforcer notre cr\u00e9dibilit\u00e9 aupr\u00e8s de nos clients et partenaires.<\/p>\n\n\n\n<p>Plus qu\u2019une distinction, <strong>Lucie Progress<\/strong> repr\u00e9sente une <strong>d\u00e9marche d\u2019am\u00e9lioration continue<\/strong>, tourn\u00e9e vers l\u2019avenir et la durabilit\u00e9.<br>C\u2019est la preuve que DULLAC avance concr\u00e8tement vers un mod\u00e8le d\u2019entreprise <strong>plus responsable, plus humaine et plus durable<\/strong>.<\/p>\n\n\n\n<p>\ud83d\udc49 <em>D\u00e9couvrez aussi nos solutions \u00e9coresponsables pour vos supports de communication<\/em> \u2192 <a href=\"https:\/\/www.dullac.fr\/categories\/270_eco-responsable\/\" target=\"_blank\" rel=\"noreferrer noopener\">Produits \u00e9co-con\u00e7us<\/a><\/p>\n","protected":false},"excerpt":{"rendered":"<p>Chez DULLAC, nous avons toujours mis l\u2019humain, la qualit\u00e9 et la responsabilit\u00e9 au c\u0153ur de notre d\u00e9veloppement. Aujourd\u2019hui, nous franchissons une nouvelle \u00e9tape importante en nous engageant dans la labellisation Lucie Progress, une d\u00e9marche RSE bas\u00e9e sur la norme internationale ISO 26000. Qu\u2019est-ce que le label Lucie Progress ? Le label Lucie Progress accompagne les [&hellip;]<\/p>\n","protected":false},"author":10,"featured_media":1993,"comment_status":"closed","ping_status":"closed","sticky":false,"template":"","format":"standard","meta":{"_et_pb_use_builder":"off","_et_pb_old_content":"","_et_gb_content_width":"","footnotes":""},"categories":[5],"tags":[],"class_list":["post-1992","post","type-post","status-publish","format-standard","has-post-thumbnail","hentry","category-eco-responsabilite","et-has-post-format-content","et_post_format-et-post-format-standard"],"yoast_head":"<!-- This site is optimized with the Yoast SEO plugin v26.8 - https:\/\/yoast.com\/product\/yoast-seo-wordpress\/ -->\n<title>Lucie Progress : La nouvelle \u00e9tape de note engagement RSE - Blog Dullac<\/title>\n<meta name=\"robots\" content=\"index, follow, max-snippet:-1, max-image-preview:large, max-video-preview:-1\" \/>\n<link rel=\"canonical\" href=\"https:\/\/www.dullac.fr\/blog\/lucie-progress-la-nouvelle-etape-de-note-engagement-rse\/\" \/>\n<meta property=\"og:locale\" content=\"fr_FR\" \/>\n<meta property=\"og:type\" content=\"article\" \/>\n<meta property=\"og:title\" content=\"Lucie Progress : La nouvelle \u00e9tape de note engagement RSE - Blog Dullac\" \/>\n<meta property=\"og:description\" content=\"Chez DULLAC, nous avons toujours mis l\u2019humain, la qualit\u00e9 et la responsabilit\u00e9 au c\u0153ur de notre d\u00e9veloppement. Aujourd\u2019hui, nous franchissons une nouvelle \u00e9tape importante en nous engageant dans la labellisation Lucie Progress, une d\u00e9marche RSE bas\u00e9e sur la norme internationale ISO 26000. Qu\u2019est-ce que le label Lucie Progress ? Le label Lucie Progress accompagne les [&hellip;]\" \/>\n<meta property=\"og:url\" content=\"https:\/\/www.dullac.fr\/blog\/lucie-progress-la-nouvelle-etape-de-note-engagement-rse\/\" \/>\n<meta property=\"og:site_name\" content=\"Blog Dullac\" \/>\n<meta property=\"article:published_time\" content=\"2025-10-08T10:53:10+00:00\" \/>\n<meta property=\"article:modified_time\" content=\"2026-03-31T15:45:14+00:00\" \/>\n<meta property=\"og:image\" content=\"https:\/\/www.dullac.fr\/blog\/wp-content\/uploads\/2025\/10\/dullac-en-route-pour-la-certification-rse-lucie-progress.png\" \/>\n\t<meta property=\"og:image:width\" content=\"1248\" \/>\n\t<meta property=\"og:image:height\" content=\"674\" \/>\n\t<meta property=\"og:image:type\" content=\"image\/png\" \/>\n<meta name=\"author\" content=\"Dullac\" \/>\n<meta name=\"twitter:card\" content=\"summary_large_image\" \/>\n<meta name=\"twitter:label1\" content=\"\u00c9crit par\" \/>\n\t<meta name=\"twitter:data1\" content=\"Dullac\" \/>\n\t<meta name=\"twitter:label2\" content=\"Dur\u00e9e de lecture estim\u00e9e\" \/>\n\t<meta name=\"twitter:data2\" content=\"3 minutes\" \/>\n<script type=\"application\/ld+json\" class=\"yoast-schema-graph\">{\"@context\":\"https:\/\/schema.org\",\"@graph\":[{\"@type\":\"Article\",\"@id\":\"https:\/\/www.dullac.fr\/blog\/lucie-progress-la-nouvelle-etape-de-note-engagement-rse\/#article\",\"isPartOf\":{\"@id\":\"https:\/\/www.dullac.fr\/blog\/lucie-progress-la-nouvelle-etape-de-note-engagement-rse\/\"},\"author\":{\"name\":\"Dullac\",\"@id\":\"https:\/\/www.dullac.fr\/blog\/#\/schema\/person\/25549fe96f89476911e7c3fe6c926343\"},\"headline\":\"Lucie Progress : La nouvelle \u00e9tape de note engagement RSE\",\"datePublished\":\"2025-10-08T10:53:10+00:00\",\"dateModified\":\"2026-03-31T15:45:14+00:00\",\"mainEntityOfPage\":{\"@id\":\"https:\/\/www.dullac.fr\/blog\/lucie-progress-la-nouvelle-etape-de-note-engagement-rse\/\"},\"wordCount\":456,\"publisher\":{\"@id\":\"https:\/\/www.dullac.fr\/blog\/#organization\"},\"image\":{\"@id\":\"https:\/\/www.dullac.fr\/blog\/lucie-progress-la-nouvelle-etape-de-note-engagement-rse\/#primaryimage\"},\"thumbnailUrl\":\"https:\/\/www.dullac.fr\/blog\/wp-content\/uploads\/2025\/10\/dullac-en-route-pour-la-certification-rse-lucie-progress.png\",\"articleSection\":[\"\u00c9co-Responsabilit\u00e9\"],\"inLanguage\":\"fr-FR\"},{\"@type\":\"WebPage\",\"@id\":\"https:\/\/www.dullac.fr\/blog\/lucie-progress-la-nouvelle-etape-de-note-engagement-rse\/\",\"url\":\"https:\/\/www.dullac.fr\/blog\/lucie-progress-la-nouvelle-etape-de-note-engagement-rse\/\",\"name\":\"Lucie Progress : La nouvelle \u00e9tape de note engagement RSE - Blog Dullac\",\"isPartOf\":{\"@id\":\"https:\/\/www.dullac.fr\/blog\/#website\"},\"primaryImageOfPage\":{\"@id\":\"https:\/\/www.dullac.fr\/blog\/lucie-progress-la-nouvelle-etape-de-note-engagement-rse\/#primaryimage\"},\"image\":{\"@id\":\"https:\/\/www.dullac.fr\/blog\/lucie-progress-la-nouvelle-etape-de-note-engagement-rse\/#primaryimage\"},\"thumbnailUrl\":\"https:\/\/www.dullac.fr\/blog\/wp-content\/uploads\/2025\/10\/dullac-en-route-pour-la-certification-rse-lucie-progress.png\",\"datePublished\":\"2025-10-08T10:53:10+00:00\",\"dateModified\":\"2026-03-31T15:45:14+00:00\",\"breadcrumb\":{\"@id\":\"https:\/\/www.dullac.fr\/blog\/lucie-progress-la-nouvelle-etape-de-note-engagement-rse\/#breadcrumb\"},\"inLanguage\":\"fr-FR\",\"potentialAction\":[{\"@type\":\"ReadAction\",\"target\":[\"https:\/\/www.dullac.fr\/blog\/lucie-progress-la-nouvelle-etape-de-note-engagement-rse\/\"]}]},{\"@type\":\"ImageObject\",\"inLanguage\":\"fr-FR\",\"@id\":\"https:\/\/www.dullac.fr\/blog\/lucie-progress-la-nouvelle-etape-de-note-engagement-rse\/#primaryimage\",\"url\":\"https:\/\/www.dullac.fr\/blog\/wp-content\/uploads\/2025\/10\/dullac-en-route-pour-la-certification-rse-lucie-progress.png\",\"contentUrl\":\"https:\/\/www.dullac.fr\/blog\/wp-content\/uploads\/2025\/10\/dullac-en-route-pour-la-certification-rse-lucie-progress.png\",\"width\":1248,\"height\":674},{\"@type\":\"BreadcrumbList\",\"@id\":\"https:\/\/www.dullac.fr\/blog\/lucie-progress-la-nouvelle-etape-de-note-engagement-rse\/#breadcrumb\",\"itemListElement\":[{\"@type\":\"ListItem\",\"position\":1,\"name\":\"Accueil\",\"item\":\"https:\/\/www.dullac.fr\/blog\/\"},{\"@type\":\"ListItem\",\"position\":2,\"name\":\"Lucie Progress : La nouvelle \u00e9tape de note engagement RSE\"}]},{\"@type\":\"WebSite\",\"@id\":\"https:\/\/www.dullac.fr\/blog\/#website\",\"url\":\"https:\/\/www.dullac.fr\/blog\/\",\"name\":\"Blog Dullac\",\"description\":\"Le Blog de l&#039;objet publicitaire\",\"publisher\":{\"@id\":\"https:\/\/www.dullac.fr\/blog\/#organization\"},\"potentialAction\":[{\"@type\":\"SearchAction\",\"target\":{\"@type\":\"EntryPoint\",\"urlTemplate\":\"https:\/\/www.dullac.fr\/blog\/?s={search_term_string}\"},\"query-input\":{\"@type\":\"PropertyValueSpecification\",\"valueRequired\":true,\"valueName\":\"search_term_string\"}}],\"inLanguage\":\"fr-FR\"},{\"@type\":\"Organization\",\"@id\":\"https:\/\/www.dullac.fr\/blog\/#organization\",\"name\":\"Dullac\",\"url\":\"https:\/\/www.dullac.fr\/blog\/\",\"logo\":{\"@type\":\"ImageObject\",\"inLanguage\":\"fr-FR\",\"@id\":\"https:\/\/www.dullac.fr\/blog\/#\/schema\/logo\/image\/\",\"url\":\"https:\/\/www.dullac.fr\/blog\/wp-content\/uploads\/2020\/06\/logo-dullac-imprimerie-toulonnaise-la-garde-83.jpg\",\"contentUrl\":\"https:\/\/www.dullac.fr\/blog\/wp-content\/uploads\/2020\/06\/logo-dullac-imprimerie-toulonnaise-la-garde-83.jpg\",\"width\":512,\"height\":512,\"caption\":\"Dullac\"},\"image\":{\"@id\":\"https:\/\/www.dullac.fr\/blog\/#\/schema\/logo\/image\/\"}},{\"@type\":\"Person\",\"@id\":\"https:\/\/www.dullac.fr\/blog\/#\/schema\/person\/25549fe96f89476911e7c3fe6c926343\",\"name\":\"Dullac\",\"image\":{\"@type\":\"ImageObject\",\"inLanguage\":\"fr-FR\",\"@id\":\"https:\/\/www.dullac.fr\/blog\/#\/schema\/person\/image\/\",\"url\":\"https:\/\/secure.gravatar.com\/avatar\/dc088885106705713cfd3220830b79bd?s=96&d=mm&r=g\",\"contentUrl\":\"https:\/\/secure.gravatar.com\/avatar\/dc088885106705713cfd3220830b79bd?s=96&d=mm&r=g\",\"caption\":\"Dullac\"},\"description\":\"Imprimerie num\u00e9rique bas\u00e9e \u00e0 La Garde &amp; La Seyne s\/ Mer. Nous accompagnons les professionnels, collectivit\u00e9s, associations et particuliers dans tous leurs projets de communication imprim\u00e9e, signal\u00e9tique et marquage personnalis\u00e9 : Papeterie &amp; supports imprim\u00e9s, Communication grand format, \u00c9v\u00e9nementiel &amp; visibilit\u00e9, Textile personnalis\u00e9, Objets publicitaires, Signal\u00e9tique &amp; panneaux, Marquage adh\u00e9sif sur v\u00e9hicule, Pose grand format ... Gr\u00e2ce \u00e0 notre propre parc machines, nous ma\u00eetrisons l\u2019ensemble de la cha\u00eene de production en interne. Pas d\u2019interm\u00e9diaire, plus de r\u00e9activit\u00e9, un meilleur suivi de fabrication, des d\u00e9lais rapides et des tarifs comp\u00e9titifs. Notre \u00e9quipe vous accueille et vous conseille du lundi au vendredi, de 10h \u00e0 18h non-stop.\",\"sameAs\":[\"http:\/\/www.dullac.fr\"],\"url\":\"https:\/\/www.dullac.fr\/blog\/author\/marketing-dullac\/\"}]}<\/script>\n<!-- \/ Yoast SEO plugin. -->","yoast_head_json":{"title":"Lucie Progress : La nouvelle \u00e9tape de note engagement RSE - Blog Dullac","robots":{"index":"index","follow":"follow","max-snippet":"max-snippet:-1","max-image-preview":"max-image-preview:large","max-video-preview":"max-video-preview:-1"},"canonical":"https:\/\/www.dullac.fr\/blog\/lucie-progress-la-nouvelle-etape-de-note-engagement-rse\/","og_locale":"fr_FR","og_type":"article","og_title":"Lucie Progress : La nouvelle \u00e9tape de note engagement RSE - Blog Dullac","og_description":"Chez DULLAC, nous avons toujours mis l\u2019humain, la qualit\u00e9 et la responsabilit\u00e9 au c\u0153ur de notre d\u00e9veloppement. Aujourd\u2019hui, nous franchissons une nouvelle \u00e9tape importante en nous engageant dans la labellisation Lucie Progress, une d\u00e9marche RSE bas\u00e9e sur la norme internationale ISO 26000. Qu\u2019est-ce que le label Lucie Progress ? Le label Lucie Progress accompagne les [&hellip;]","og_url":"https:\/\/www.dullac.fr\/blog\/lucie-progress-la-nouvelle-etape-de-note-engagement-rse\/","og_site_name":"Blog Dullac","article_published_time":"2025-10-08T10:53:10+00:00","article_modified_time":"2026-03-31T15:45:14+00:00","og_image":[{"width":1248,"height":674,"url":"https:\/\/www.dullac.fr\/blog\/wp-content\/uploads\/2025\/10\/dullac-en-route-pour-la-certification-rse-lucie-progress.png","type":"image\/png"}],"author":"Dullac","twitter_card":"summary_large_image","twitter_misc":{"\u00c9crit par":"Dullac","Dur\u00e9e de lecture estim\u00e9e":"3 minutes"},"schema":{"@context":"https:\/\/schema.org","@graph":[{"@type":"Article","@id":"https:\/\/www.dullac.fr\/blog\/lucie-progress-la-nouvelle-etape-de-note-engagement-rse\/#article","isPartOf":{"@id":"https:\/\/www.dullac.fr\/blog\/lucie-progress-la-nouvelle-etape-de-note-engagement-rse\/"},"author":{"name":"Dullac","@id":"https:\/\/www.dullac.fr\/blog\/#\/schema\/person\/25549fe96f89476911e7c3fe6c926343"},"headline":"Lucie Progress : La nouvelle \u00e9tape de note engagement RSE","datePublished":"2025-10-08T10:53:10+00:00","dateModified":"2026-03-31T15:45:14+00:00","mainEntityOfPage":{"@id":"https:\/\/www.dullac.fr\/blog\/lucie-progress-la-nouvelle-etape-de-note-engagement-rse\/"},"wordCount":456,"publisher":{"@id":"https:\/\/www.dullac.fr\/blog\/#organization"},"image":{"@id":"https:\/\/www.dullac.fr\/blog\/lucie-progress-la-nouvelle-etape-de-note-engagement-rse\/#primaryimage"},"thumbnailUrl":"https:\/\/www.dullac.fr\/blog\/wp-content\/uploads\/2025\/10\/dullac-en-route-pour-la-certification-rse-lucie-progress.png","articleSection":["\u00c9co-Responsabilit\u00e9"],"inLanguage":"fr-FR"},{"@type":"WebPage","@id":"https:\/\/www.dullac.fr\/blog\/lucie-progress-la-nouvelle-etape-de-note-engagement-rse\/","url":"https:\/\/www.dullac.fr\/blog\/lucie-progress-la-nouvelle-etape-de-note-engagement-rse\/","name":"Lucie Progress : La nouvelle \u00e9tape de note engagement RSE - Blog Dullac","isPartOf":{"@id":"https:\/\/www.dullac.fr\/blog\/#website"},"primaryImageOfPage":{"@id":"https:\/\/www.dullac.fr\/blog\/lucie-progress-la-nouvelle-etape-de-note-engagement-rse\/#primaryimage"},"image":{"@id":"https:\/\/www.dullac.fr\/blog\/lucie-progress-la-nouvelle-etape-de-note-engagement-rse\/#primaryimage"},"thumbnailUrl":"https:\/\/www.dullac.fr\/blog\/wp-content\/uploads\/2025\/10\/dullac-en-route-pour-la-certification-rse-lucie-progress.png","datePublished":"2025-10-08T10:53:10+00:00","dateModified":"2026-03-31T15:45:14+00:00","breadcrumb":{"@id":"https:\/\/www.dullac.fr\/blog\/lucie-progress-la-nouvelle-etape-de-note-engagement-rse\/#breadcrumb"},"inLanguage":"fr-FR","potentialAction":[{"@type":"ReadAction","target":["https:\/\/www.dullac.fr\/blog\/lucie-progress-la-nouvelle-etape-de-note-engagement-rse\/"]}]},{"@type":"ImageObject","inLanguage":"fr-FR","@id":"https:\/\/www.dullac.fr\/blog\/lucie-progress-la-nouvelle-etape-de-note-engagement-rse\/#primaryimage","url":"https:\/\/www.dullac.fr\/blog\/wp-content\/uploads\/2025\/10\/dullac-en-route-pour-la-certification-rse-lucie-progress.png","contentUrl":"https:\/\/www.dullac.fr\/blog\/wp-content\/uploads\/2025\/10\/dullac-en-route-pour-la-certification-rse-lucie-progress.png","width":1248,"height":674},{"@type":"BreadcrumbList","@id":"https:\/\/www.dullac.fr\/blog\/lucie-progress-la-nouvelle-etape-de-note-engagement-rse\/#breadcrumb","itemListElement":[{"@type":"ListItem","position":1,"name":"Accueil","item":"https:\/\/www.dullac.fr\/blog\/"},{"@type":"ListItem","position":2,"name":"Lucie Progress : La nouvelle \u00e9tape de note engagement RSE"}]},{"@type":"WebSite","@id":"https:\/\/www.dullac.fr\/blog\/#website","url":"https:\/\/www.dullac.fr\/blog\/","name":"Blog Dullac","description":"Le Blog de l&#039;objet publicitaire","publisher":{"@id":"https:\/\/www.dullac.fr\/blog\/#organization"},"potentialAction":[{"@type":"SearchAction","target":{"@type":"EntryPoint","urlTemplate":"https:\/\/www.dullac.fr\/blog\/?s={search_term_string}"},"query-input":{"@type":"PropertyValueSpecification","valueRequired":true,"valueName":"search_term_string"}}],"inLanguage":"fr-FR"},{"@type":"Organization","@id":"https:\/\/www.dullac.fr\/blog\/#organization","name":"Dullac","url":"https:\/\/www.dullac.fr\/blog\/","logo":{"@type":"ImageObject","inLanguage":"fr-FR","@id":"https:\/\/www.dullac.fr\/blog\/#\/schema\/logo\/image\/","url":"https:\/\/www.dullac.fr\/blog\/wp-content\/uploads\/2020\/06\/logo-dullac-imprimerie-toulonnaise-la-garde-83.jpg","contentUrl":"https:\/\/www.dullac.fr\/blog\/wp-content\/uploads\/2020\/06\/logo-dullac-imprimerie-toulonnaise-la-garde-83.jpg","width":512,"height":512,"caption":"Dullac"},"image":{"@id":"https:\/\/www.dullac.fr\/blog\/#\/schema\/logo\/image\/"}},{"@type":"Person","@id":"https:\/\/www.dullac.fr\/blog\/#\/schema\/person\/25549fe96f89476911e7c3fe6c926343","name":"Dullac","image":{"@type":"ImageObject","inLanguage":"fr-FR","@id":"https:\/\/www.dullac.fr\/blog\/#\/schema\/person\/image\/","url":"https:\/\/secure.gravatar.com\/avatar\/dc088885106705713cfd3220830b79bd?s=96&d=mm&r=g","contentUrl":"https:\/\/secure.gravatar.com\/avatar\/dc088885106705713cfd3220830b79bd?s=96&d=mm&r=g","caption":"Dullac"},"description":"Imprimerie num\u00e9rique bas\u00e9e \u00e0 La Garde &amp; La Seyne s\/ Mer. Nous accompagnons les professionnels, collectivit\u00e9s, associations et particuliers dans tous leurs projets de communication imprim\u00e9e, signal\u00e9tique et marquage personnalis\u00e9 : Papeterie &amp; supports imprim\u00e9s, Communication grand format, \u00c9v\u00e9nementiel &amp; visibilit\u00e9, Textile personnalis\u00e9, Objets publicitaires, Signal\u00e9tique &amp; panneaux, Marquage adh\u00e9sif sur v\u00e9hicule, Pose grand format ... Gr\u00e2ce \u00e0 notre propre parc machines, nous ma\u00eetrisons l\u2019ensemble de la cha\u00eene de production en interne. Pas d\u2019interm\u00e9diaire, plus de r\u00e9activit\u00e9, un meilleur suivi de fabrication, des d\u00e9lais rapides et des tarifs comp\u00e9titifs. Notre \u00e9quipe vous accueille et vous conseille du lundi au vendredi, de 10h \u00e0 18h non-stop.","sameAs":["http:\/\/www.dullac.fr"],"url":"https:\/\/www.dullac.fr\/blog\/author\/marketing-dullac\/"}]}},"_links":{"self":[{"href":"https:\/\/www.dullac.fr\/blog\/wp-json\/wp\/v2\/posts\/1992","targetHints":{"allow":["GET"]}}],"collection":[{"href":"https:\/\/www.dullac.fr\/blog\/wp-json\/wp\/v2\/posts"}],"about":[{"href":"https:\/\/www.dullac.fr\/blog\/wp-json\/wp\/v2\/types\/post"}],"author":[{"embeddable":true,"href":"https:\/\/www.dullac.fr\/blog\/wp-json\/wp\/v2\/users\/10"}],"replies":[{"embeddable":true,"href":"https:\/\/www.dullac.fr\/blog\/wp-json\/wp\/v2\/comments?post=1992"}],"version-history":[{"count":2,"href":"https:\/\/www.dullac.fr\/blog\/wp-json\/wp\/v2\/posts\/1992\/revisions"}],"predecessor-version":[{"id":1996,"href":"https:\/\/www.dullac.fr\/blog\/wp-json\/wp\/v2\/posts\/1992\/revisions\/1996"}],"wp:featuredmedia":[{"embeddable":true,"href":"https:\/\/www.dullac.fr\/blog\/wp-json\/wp\/v2\/media\/1993"}],"wp:attachment":[{"href":"https:\/\/www.dullac.fr\/blog\/wp-json\/wp\/v2\/media?parent=1992"}],"wp:term":[{"taxonomy":"category","embeddable":true,"href":"https:\/\/www.dullac.fr\/blog\/wp-json\/wp\/v2\/categories?post=1992"},{"taxonomy":"post_tag","embeddable":true,"href":"https:\/\/www.dullac.fr\/blog\/wp-json\/wp\/v2\/tags?post=1992"}],"curies":[{"name":"wp","href":"https:\/\/api.w.org\/{rel}","templated":true}]}}