{"id":45,"date":"2019-02-22T09:16:10","date_gmt":"2019-02-22T08:16:10","guid":{"rendered":"http:\/\/pennews.pencidesign.com\/pennews-craft-diy-blog\/sed-ut-perspiciatis-unde-omnis-iste-c-4-c-c-c-c-c-c-c-c-c-c-c-c-c\/"},"modified":"2026-03-31T17:45:41","modified_gmt":"2026-03-31T15:45:41","slug":"marquage-vehicule","status":"publish","type":"post","link":"https:\/\/www.dullac.fr\/blog\/marquage-vehicule\/","title":{"rendered":"Marquage sur v\u00e9hicule : La communication mobile !"},"content":{"rendered":"\n<p><strong>Pour recueillir des demandes de devis, mais aussi annoncer une promo ou ancrer votre marque sur votre zone de chalandise rien de plus efficace que le marquage sur v\u00e9hicule de sa flotte d\u2019entreprise. Pour choisir la fa\u00e7on dont vous allez habiller vos v\u00e9hicules, il va vous falloir faire un tour d\u2019horizon des usages de votre profession, de la mani\u00e8re dont va \u00eatre per\u00e7u votre personnalisation par vos client\u00e8le et de la destination du marquage publicitaire (prospection, promo, image, \u2026).<\/strong><\/p>\n\n\n\n<div class=\"wp-block-buttons is-layout-flex wp-block-buttons-is-layout-flex\">\n<div class=\"wp-block-button\"><a class=\"wp-block-button__link has-white-color has-vivid-cyan-blue-background-color has-text-color has-background\" href=\"https:\/\/www.dullac.fr\/marquage-vehicule-toulon\/\" target=\"_blank\" rel=\"noreferrer noopener\">Je veux mon marquage publicitaire sur v\u00e9hicule<\/a><\/div>\n<\/div>\n\n\n\n<p><strong>Faisons le tour de la question \u2026<\/strong><\/p>\n\n\n\n<h4 class=\"wp-block-heading\"><strong>POURQUOI DU MARQUAGE PUBLICITAIRE SUR SES V\u00c9HICULES ?<\/strong><\/h4>\n\n\n\n<p>Vos voitures, utilitaires, camions ou deux-roues n\u2019ont pas vocation \u00e0 rester \u00e0 l\u2019entrep\u00f4t. Aussi quand ils tournent, ils deviennent une excellente occasion <u>de faire conna\u00eetre votre entreprise<\/u>. Quand ils roulent \u2026 et aussi quand ils sont \u00e0 l\u2019arr\u00eat&nbsp;ou dans les embouteillages !<\/p>\n\n\n\n<ul class=\"wp-block-list\"><li><strong>Dire que vous exister<\/strong><\/li><\/ul>\n\n\n\n<p>Combien de fois avez-vous entendu cette phrase \u00ab je ne savais pas que vous existiez, sinon je serais venu avant \u00bb \u2026 Les clients ne sont pas de mauvaise foi mais ne cherche pas toujours le meilleur de leur zone et se contente de l\u2019information qu\u2019ils ont. Or, mettre son non, son activit\u00e9 et services, ses coordonn\u00e9es sur un v\u00e9hicule multiplie les chances que vous soyez connus, donc consult\u00e9s.<\/p>\n\n\n\n<ul class=\"wp-block-list\"><li><strong>Mettre en avant ses sp\u00e9cificit\u00e9s<\/strong><\/li><\/ul>\n\n\n\n<p>Le mieux en terme de marquage sur v\u00e9hicule est d\u2019\u00eatre pr\u00e9cis et de rentrer dans le d\u00e9tail. <u>Exemple&nbsp;:<\/u> dire qu\u2019on est plombier c\u2019est bien&nbsp;; dire que l\u2019on intervient sous 24 heures c\u2019est mieux et dire qu\u2019on le fait \u00e0 Toulon, La Garde, La Valette et Hy\u00e8res c\u2019est encore mieux&nbsp;!<br>Avec ces pr\u00e9cisions -qui ne vont pas forc\u00e9ment alourdir votre publicit\u00e9- les gens qui vous voit savent tout de suite votre activit\u00e9.<\/p>\n\n\n\n<ul class=\"wp-block-list\"><li><strong>Faire un bel habillage<\/strong><\/li><\/ul>\n\n\n\n<p>Le texte c\u2019est une chose, le graphisme en est une autre ; c\u2019est un peu comme \u00e0 l\u2019oral : il y a ce que vous dites et comment vous le dites. Selon votre activit\u00e9 vous allez devoir faire preuve de retenue ou pouvoir mettre de la couleur. Exemple : un cabinet comptable et une pizz\u00e9ria ne vont pas avoir la m\u00eame latitude pour d\u00e9corer leur parc auto ; l\u2019un va devoir rester mesur\u00e9 -il traite de l\u2019argent de ses clients- alors que le second le restaure -et met de la couleur dans ses repas.<br>Votre prestataire saura vous conseiller sur ce qui se fait en g\u00e9n\u00e9ral en mati\u00e8re de d\u00e9coration de v\u00e9hicule selon les m\u00e9tiers. Il vous fera aussi des offres pour r\u00e9aliser des maquettes -votre agence de communication peut \u00e9galement vous le faire.<\/p>\n\n\n\n<ul class=\"wp-block-list\"><li><strong>\u00catre \u00ab local \u00bb<\/strong><\/li><\/ul>\n\n\n\n<p>Vos clients sont en g\u00e9n\u00e9ral l\u00e0 ou vos v\u00e9hicules circulent&nbsp;: avec une pub voiture vous \u00eates donc l\u00e0 o\u00f9 vos prospects sont&nbsp;! Votre investissement porte sur votre zone de chalandise, il est cibl\u00e9, sans d\u00e9perdition&nbsp;: une pub voiture c\u2019est un tir dans le centre de la cible. Seul ou unique moyen de communication il ne suffira peut-\u00eatre pas&nbsp;: mais c\u2019est le premier o\u00f9 il faut aller&nbsp;! <strong><u>Voir le calcul du nombre de vues<\/u><\/strong> qu\u2019entrainent un flocage v\u00e9hicule sur une grande ville comme la m\u00e9tropole de Toulon.<\/p>\n\n\n\n<h3 class=\"wp-block-heading\"><strong>Logo, image ou seulement du texte&nbsp;?<\/strong><\/h3>\n\n\n\n<p><\/p>\n\n\n\n<h3 class=\"wp-block-heading\"><img loading=\"lazy\" decoding=\"async\" class=\"alignnone wp-image-226 size-full\" src=\"https:\/\/www.dullac.fr\/blog\/wp-content\/uploads\/2018\/05\/camion-utilitaire-personnalise-marquage-vehicule-covering-dullac-toulon-la-garde.jpg\" alt=\"\" width=\"1000\" height=\"667\" srcset=\"https:\/\/www.dullac.fr\/blog\/wp-content\/uploads\/2018\/05\/camion-utilitaire-personnalise-marquage-vehicule-covering-dullac-toulon-la-garde.jpg 1000w, https:\/\/www.dullac.fr\/blog\/wp-content\/uploads\/2018\/05\/camion-utilitaire-personnalise-marquage-vehicule-covering-dullac-toulon-la-garde-300x200.jpg 300w, https:\/\/www.dullac.fr\/blog\/wp-content\/uploads\/2018\/05\/camion-utilitaire-personnalise-marquage-vehicule-covering-dullac-toulon-la-garde-768x512.jpg 768w, https:\/\/www.dullac.fr\/blog\/wp-content\/uploads\/2018\/05\/camion-utilitaire-personnalise-marquage-vehicule-covering-dullac-toulon-la-garde-610x407.jpg 610w\" sizes=\"(max-width: 1000px) 100vw, 1000px\" \/><\/h3>\n\n\n\n<h3 class=\"wp-block-heading\"><strong>LES TYPES DE PERSONNALISATION<\/strong><\/h3>\n\n\n\n<p>Le texte ou lettrage&nbsp;: police de caract\u00e8re, hauteur des lettres, couleur, on est dans l\u2019informatif, l\u2019essentiel de ce que le prospect va voir et lire.<\/p>\n\n\n\n<ul class=\"wp-block-list\"><li><strong>Le logo et les images\u00a0:<\/strong> logotiser sa voiture, c\u2019est-\u00e0-dire mettre son logo sur les porti\u00e8res, le capot ou l\u2019arri\u00e8re est un grand classique du logotage. On peut y mettre des images ou des pictogrammes de r\u00e9alisations ou des labels -les environnementaux ont la c\u00f4te en ce moment\u00a0: RGE, bilan carbone, recyclage,\u00a0\u2026- \u00e7a attire le regard et vous \u00eates mieux reconnus.<\/li><li><strong>Le covering\u00a0:<\/strong> il peut \u00eatre partiel ou total. On va recouvrir tout ou partie de votre v\u00e9hicule avec un adh\u00e9sif haute performance qui va \u00e9pouser le relief de votre carrosserie. Certains habillent juste la partie arri\u00e8re de la camionnette ou de l\u2019utilitaire et mette du texte sur le reste de l\u2019espace : l\u2019impact publicitaire est alors maximum.<br>En \u00ab\u00a0total covering\u00a0\u00bb c\u2019est tout le v\u00e9hicule qui est recouvert -m\u00eame parfois les r\u00e9troviseurs- et vous devenez remarquable au milieu de tout le monde\u00a0! Un autre avantage du \u00ab\u00a0total covering\u00a0\u00bb c\u2019est que vous prot\u00e9ger la carrosserie et la peinture de votre v\u00e9hicule\u00a0; si vous \u00eates en LDD il vous suffira de retirer l\u2019adh\u00e9sif publicitaire pour le restituer comme neuf.<\/li><\/ul>\n\n\n\n<p><\/p>\n\n\n\n<h3 class=\"wp-block-heading\"><strong>Les adh\u00e9sifs sont soit imprim\u00e9s -photo, logo en plusieurs couleurs- soit d\u00e9j\u00e0 teint\u00e9s -la palette de couleurs est vaste .<\/strong><\/h3>\n\n\n\n<p>On peut encore signaler les plaques magn\u00e9tiques : elle est souvent utilis\u00e9e pour le marquage sur v\u00e9hicule de fonction ou celles des artisans ou autoentrepreneurs qui font un usage professionnel et priv\u00e9 du m\u00eame v\u00e9hicule. La plaque aimant\u00e9e est personnalis\u00e9e comme un flocage publicitaire, en couleurs, et dans un format adapt\u00e9 au v\u00e9hicule et se pose et d\u00e9pos\u00e9 ais\u00e9ment -les garanties constructeurs de plaques aimant\u00e9es les limite \u00e0 des vitesses de 100km\/heure. Dans les faits nous ne connaissons pas de plaques qui se soient d\u00e9tach\u00e9es \u2026 sauf \u00e0 avoir \u00e9t\u00e9 mal pos\u00e9es !<br>La plaque magn\u00e9tique \u00e0 beaucoup d\u2019adeptes dans les r\u00e9seaux d\u2019agent immobiliers ind\u00e9pendants\u00a0: ils sont bien visibles et deviennent anonymes en un clin d\u2019\u0153il.<br>La plaque magn\u00e9tique publicitaire se coupe en rectangle mais aussi \u00e0 la forme de votre choix\u00a0!<\/p>\n\n\n\n<div class=\"wp-block-buttons is-layout-flex wp-block-buttons-is-layout-flex\">\n<div class=\"wp-block-button\"><a class=\"wp-block-button__link has-vivid-cyan-blue-background-color has-background\" href=\"https:\/\/www.dullac.fr\/marquage-vehicule-toulon\/\" target=\"_blank\" rel=\"noreferrer noopener\">Je veux mon marquage publicitaire sur v\u00e9hicule<\/a><\/div>\n<\/div>\n\n\n\n<div class=\"wp-block-image\"><figure class=\"alignright\"><img loading=\"lazy\" decoding=\"async\" width=\"1024\" height=\"768\" src=\"https:\/\/www.dullac.fr\/blog\/wp-content\/uploads\/2018\/05\/voiture-dentreprise-personnalisee-en-semi-covering-dullac-la-garde-toulon-scaled-1024x768.jpg\" alt=\"\" class=\"wp-image-228\" srcset=\"https:\/\/www.dullac.fr\/blog\/wp-content\/uploads\/2018\/05\/voiture-dentreprise-personnalisee-en-semi-covering-dullac-la-garde-toulon-scaled-1024x768.jpg 1024w, https:\/\/www.dullac.fr\/blog\/wp-content\/uploads\/2018\/05\/voiture-dentreprise-personnalisee-en-semi-covering-dullac-la-garde-toulon-scaled-300x225.jpg 300w, https:\/\/www.dullac.fr\/blog\/wp-content\/uploads\/2018\/05\/voiture-dentreprise-personnalisee-en-semi-covering-dullac-la-garde-toulon-scaled-768x576.jpg 768w, https:\/\/www.dullac.fr\/blog\/wp-content\/uploads\/2018\/05\/voiture-dentreprise-personnalisee-en-semi-covering-dullac-la-garde-toulon-scaled-1536x1152.jpg 1536w, https:\/\/www.dullac.fr\/blog\/wp-content\/uploads\/2018\/05\/voiture-dentreprise-personnalisee-en-semi-covering-dullac-la-garde-toulon-scaled-2048x1536.jpg 2048w, https:\/\/www.dullac.fr\/blog\/wp-content\/uploads\/2018\/05\/voiture-dentreprise-personnalisee-en-semi-covering-dullac-la-garde-toulon-scaled-610x458.jpg 610w, https:\/\/www.dullac.fr\/blog\/wp-content\/uploads\/2018\/05\/voiture-dentreprise-personnalisee-en-semi-covering-dullac-la-garde-toulon-scaled-1080x810.jpg 1080w\" sizes=\"(max-width: 1024px) 100vw, 1024px\" \/><\/figure><\/div>\n\n\n\n<h4 class=\"wp-block-heading\"><\/h4>\n\n\n\n<p><\/p>\n\n\n\n<h3 class=\"wp-block-heading\"><\/h3>\n\n\n\n<p><\/p>\n\n\n\n<h3 class=\"wp-block-heading\"><strong>Le professionnel du marquage sur v\u00e9hicule \u00ab int\u00e9gr\u00e9 \u00bb<\/strong><\/h3>\n\n\n\n<p>L\u2019id\u00e9al est de s\u2019adresser \u00e0 celui qui va vous conseiller, faire votre maquette, imprimer et\/ou d\u00e9couper les marquages et enfin les poser sur votre v\u00e9hicule ou votre flotte. Travailler ainsi vous fait gagner du temps et il n\u2019y a qu\u2019un seul responsable pour le travail&nbsp;: il ne pourra pas se d\u00e9charger sur celui d\u2019avant ou d\u2019apr\u00e8s \u2026<br>Le marqueur pub int\u00e9gr\u00e9 peut aussi se louper sur une partie durant la pose&nbsp;: vous n\u2019en saurez rien parce, qu\u2019\u00e9quip\u00e9 des machines, il aura r\u00e9imprim\u00e9 avant que vous ne preniez possession de votre utilitaire.<\/p>\n\n\n\n<p>Cerise sur le g\u00e2teau, il peut m\u00eame se d\u00e9placer dans votre entreprise pour sticker votre v\u00e9hicule ou en marquer plusieurs aux heures o\u00f9 ils ne circulent pas.<\/p>\n\n\n\n<div class=\"wp-block-buttons is-layout-flex wp-block-buttons-is-layout-flex\">\n<div class=\"wp-block-button\"><a class=\"wp-block-button__link has-vivid-cyan-blue-background-color has-background\" href=\"https:\/\/www.dullac.fr\/marquage-vehicule-toulon\/\" target=\"_blank\" rel=\"noreferrer noopener\">Je veux mon marquage publicitaire sur v\u00e9hicule<\/a><\/div>\n<\/div>\n\n\n\n<h3 class=\"wp-block-heading\"><strong>Combien co\u00fbte un marquage sur v\u00e9hicule&nbsp; ?<br><\/strong><\/h3>\n\n\n\n<p>Il y a des marquages ou personnalisation <u>standards (voir celles en cours chez Dullac)<\/u> que l\u2019on peut tr\u00e8s vitre chiffrer. Et puis il y a tous les d\u00e9tails qui vont prendre plus de temps et qui vont alourdir un peu la facture. Cela \u00e9tant une pub sur voiture c\u2019est pour minimum 2 ans\u00a0: donc rapport\u00e9 en jours d\u2019utilisation ou mieux de nombre de vues par des prospects, le co\u00fbt est minime par rapport \u00e0 une annonce presse ou un passage radio.<br>Le prix s\u2019\u00e9tablit donc en fonction\u00a0:<\/p>\n\n\n\n<ul class=\"wp-block-list\"><li>De la surface couverte (beaucoup de texte ou juste un N\u00b0 de t\u00e9l\u00e9phone&nbsp;?)<\/li><li>Du type de l\u2019adh\u00e9sif (on pose sur du plat ou de l\u2019arrondi&nbsp;? des images ou du texte&nbsp;?)<\/li><li>Du temps de pose au regard de la couverture \/ emplacements (sur les porti\u00e8res ou sur les arrondis d\u2019ailes&nbsp;?)<\/li><li>Du temps de r\u00e9alisation de la maquette (du texte ou des logos et photos&nbsp;?)<\/li><\/ul>\n\n\n\n<p>On esp\u00e8re que cet article vous aura \u00e9t\u00e9 utile. Si oui dites-le nous avec un bon commentaire,\u00a0; sinon dites-nous ce qu\u2019il a manqu\u00e9 pour vous bien renseigner\u00a0: on le compl\u00e9tera.<\/p>\n\n\n\n<p>Nous sommes install\u00e9s \u00e0 La Garde, \u00e0 c\u00f4t\u00e9 de Toulon&nbsp;: si vous avez besoin de conseils, d\u2019une expertise ou d\u2019un devis, n\u2019h\u00e9sitez pas \u00e0 venir nous voir. Remy, notre poseur \u00ab&nbsp;professionnel pub voiture&nbsp;\u00bb \u00e0 poser en vingt ans des milliers d\u2019adh\u00e9sifs sur v\u00e9hicule, du petit lettrage au total covering&nbsp;: il saura vous conseiller&nbsp;\ud83d\ude09<\/p>\n\n\n\n<p>Pour nous contacter : <a href=\"mailto:info@dullac.fr\">info@dullac.fr <\/a>ou 04 94 21 51 65<\/p>\n\n\n\n<div class=\"wp-block-buttons is-layout-flex wp-block-buttons-is-layout-flex\">\n<div class=\"wp-block-button\"><a class=\"wp-block-button__link has-vivid-cyan-blue-background-color has-background\" href=\"https:\/\/www.dullac.fr\/marquage-vehicule-toulon\/\" target=\"_blank\" rel=\"noreferrer noopener\">Je veux mon marquage publicitaire sur v\u00e9hicule<\/a><\/div>\n<\/div>\n","protected":false},"excerpt":{"rendered":"<p>Pour recueillir des demandes de devis, mais aussi annoncer une promo ou ancrer votre marque sur votre zone de chalandise rien de plus efficace que le marquage sur v\u00e9hicule de sa flotte d\u2019entreprise. Pour choisir la fa\u00e7on dont vous allez habiller vos v\u00e9hicules, il va vous falloir faire un tour d\u2019horizon des usages de votre [&hellip;]<\/p>\n","protected":false},"author":10,"featured_media":225,"comment_status":"open","ping_status":"open","sticky":false,"template":"","format":"standard","meta":{"_et_pb_use_builder":"","_et_pb_old_content":"","_et_gb_content_width":"","footnotes":""},"categories":[6],"tags":[],"class_list":["post-45","post","type-post","status-publish","format-standard","has-post-thumbnail","hentry","category-tendances","et-has-post-format-content","et_post_format-et-post-format-standard"],"yoast_head":"<!-- This site is optimized with the Yoast SEO plugin v26.8 - https:\/\/yoast.com\/product\/yoast-seo-wordpress\/ -->\n<title>Marquage sur v\u00e9hicule : La communication mobile ! - Blog Dullac<\/title>\n<meta name=\"description\" content=\"L&#039;imprimerie Dullac, \u00e0 Toulon, dans le Var est sp\u00e9cialiste du marquage publicitaire sur v\u00e9hicule. Soyez vu et reconnu lorsque vous roulez !\" \/>\n<meta name=\"robots\" content=\"index, follow, max-snippet:-1, max-image-preview:large, max-video-preview:-1\" \/>\n<link rel=\"canonical\" href=\"https:\/\/www.dullac.fr\/blog\/marquage-vehicule\/\" \/>\n<meta property=\"og:locale\" content=\"fr_FR\" \/>\n<meta property=\"og:type\" content=\"article\" \/>\n<meta property=\"og:title\" content=\"Marquage sur v\u00e9hicule : La communication mobile ! - Blog Dullac\" \/>\n<meta property=\"og:description\" content=\"L&#039;imprimerie Dullac, \u00e0 Toulon, dans le Var est sp\u00e9cialiste du marquage publicitaire sur v\u00e9hicule. Soyez vu et reconnu lorsque vous roulez !\" \/>\n<meta property=\"og:url\" content=\"https:\/\/www.dullac.fr\/blog\/marquage-vehicule\/\" \/>\n<meta property=\"og:site_name\" content=\"Blog Dullac\" \/>\n<meta property=\"article:published_time\" content=\"2019-02-22T08:16:10+00:00\" \/>\n<meta property=\"article:modified_time\" content=\"2026-03-31T15:45:41+00:00\" \/>\n<meta property=\"og:image\" content=\"https:\/\/www.dullac.fr\/blog\/wp-content\/uploads\/2018\/05\/petit-utilitaire-personnalise-marquage-vehicule-covering-dullac-toulon-la-garde.jpg\" \/>\n\t<meta property=\"og:image:width\" content=\"1200\" \/>\n\t<meta property=\"og:image:height\" content=\"800\" \/>\n\t<meta property=\"og:image:type\" content=\"image\/jpeg\" \/>\n<meta name=\"author\" content=\"Dullac\" \/>\n<meta name=\"twitter:card\" content=\"summary_large_image\" \/>\n<meta name=\"twitter:label1\" content=\"\u00c9crit par\" \/>\n\t<meta name=\"twitter:data1\" content=\"Dullac\" \/>\n\t<meta name=\"twitter:label2\" content=\"Dur\u00e9e de lecture estim\u00e9e\" \/>\n\t<meta name=\"twitter:data2\" content=\"6 minutes\" \/>\n<script type=\"application\/ld+json\" class=\"yoast-schema-graph\">{\"@context\":\"https:\/\/schema.org\",\"@graph\":[{\"@type\":\"Article\",\"@id\":\"https:\/\/www.dullac.fr\/blog\/marquage-vehicule\/#article\",\"isPartOf\":{\"@id\":\"https:\/\/www.dullac.fr\/blog\/marquage-vehicule\/\"},\"author\":{\"name\":\"Dullac\",\"@id\":\"https:\/\/www.dullac.fr\/blog\/#\/schema\/person\/25549fe96f89476911e7c3fe6c926343\"},\"headline\":\"Marquage sur v\u00e9hicule : La communication mobile !\",\"datePublished\":\"2019-02-22T08:16:10+00:00\",\"dateModified\":\"2026-03-31T15:45:41+00:00\",\"mainEntityOfPage\":{\"@id\":\"https:\/\/www.dullac.fr\/blog\/marquage-vehicule\/\"},\"wordCount\":1437,\"commentCount\":7,\"publisher\":{\"@id\":\"https:\/\/www.dullac.fr\/blog\/#organization\"},\"image\":{\"@id\":\"https:\/\/www.dullac.fr\/blog\/marquage-vehicule\/#primaryimage\"},\"thumbnailUrl\":\"https:\/\/www.dullac.fr\/blog\/wp-content\/uploads\/2018\/05\/petit-utilitaire-personnalise-marquage-vehicule-covering-dullac-toulon-la-garde.jpg\",\"articleSection\":[\"Tendances\"],\"inLanguage\":\"fr-FR\",\"potentialAction\":[{\"@type\":\"CommentAction\",\"name\":\"Comment\",\"target\":[\"https:\/\/www.dullac.fr\/blog\/marquage-vehicule\/#respond\"]}]},{\"@type\":\"WebPage\",\"@id\":\"https:\/\/www.dullac.fr\/blog\/marquage-vehicule\/\",\"url\":\"https:\/\/www.dullac.fr\/blog\/marquage-vehicule\/\",\"name\":\"Marquage sur v\u00e9hicule : La communication mobile ! - Blog Dullac\",\"isPartOf\":{\"@id\":\"https:\/\/www.dullac.fr\/blog\/#website\"},\"primaryImageOfPage\":{\"@id\":\"https:\/\/www.dullac.fr\/blog\/marquage-vehicule\/#primaryimage\"},\"image\":{\"@id\":\"https:\/\/www.dullac.fr\/blog\/marquage-vehicule\/#primaryimage\"},\"thumbnailUrl\":\"https:\/\/www.dullac.fr\/blog\/wp-content\/uploads\/2018\/05\/petit-utilitaire-personnalise-marquage-vehicule-covering-dullac-toulon-la-garde.jpg\",\"datePublished\":\"2019-02-22T08:16:10+00:00\",\"dateModified\":\"2026-03-31T15:45:41+00:00\",\"description\":\"L'imprimerie Dullac, \u00e0 Toulon, dans le Var est sp\u00e9cialiste du marquage publicitaire sur v\u00e9hicule. Soyez vu et reconnu lorsque vous roulez !\",\"breadcrumb\":{\"@id\":\"https:\/\/www.dullac.fr\/blog\/marquage-vehicule\/#breadcrumb\"},\"inLanguage\":\"fr-FR\",\"potentialAction\":[{\"@type\":\"ReadAction\",\"target\":[\"https:\/\/www.dullac.fr\/blog\/marquage-vehicule\/\"]}]},{\"@type\":\"ImageObject\",\"inLanguage\":\"fr-FR\",\"@id\":\"https:\/\/www.dullac.fr\/blog\/marquage-vehicule\/#primaryimage\",\"url\":\"https:\/\/www.dullac.fr\/blog\/wp-content\/uploads\/2018\/05\/petit-utilitaire-personnalise-marquage-vehicule-covering-dullac-toulon-la-garde.jpg\",\"contentUrl\":\"https:\/\/www.dullac.fr\/blog\/wp-content\/uploads\/2018\/05\/petit-utilitaire-personnalise-marquage-vehicule-covering-dullac-toulon-la-garde.jpg\",\"width\":1200,\"height\":800,\"caption\":\"petit utilitaire personnalise marquage vehicule covering dullac toulon la garde\"},{\"@type\":\"BreadcrumbList\",\"@id\":\"https:\/\/www.dullac.fr\/blog\/marquage-vehicule\/#breadcrumb\",\"itemListElement\":[{\"@type\":\"ListItem\",\"position\":1,\"name\":\"Accueil\",\"item\":\"https:\/\/www.dullac.fr\/blog\/\"},{\"@type\":\"ListItem\",\"position\":2,\"name\":\"Marquage sur v\u00e9hicule : La communication mobile !\"}]},{\"@type\":\"WebSite\",\"@id\":\"https:\/\/www.dullac.fr\/blog\/#website\",\"url\":\"https:\/\/www.dullac.fr\/blog\/\",\"name\":\"Blog Dullac\",\"description\":\"Le Blog de l&#039;objet publicitaire\",\"publisher\":{\"@id\":\"https:\/\/www.dullac.fr\/blog\/#organization\"},\"potentialAction\":[{\"@type\":\"SearchAction\",\"target\":{\"@type\":\"EntryPoint\",\"urlTemplate\":\"https:\/\/www.dullac.fr\/blog\/?s={search_term_string}\"},\"query-input\":{\"@type\":\"PropertyValueSpecification\",\"valueRequired\":true,\"valueName\":\"search_term_string\"}}],\"inLanguage\":\"fr-FR\"},{\"@type\":\"Organization\",\"@id\":\"https:\/\/www.dullac.fr\/blog\/#organization\",\"name\":\"Dullac\",\"url\":\"https:\/\/www.dullac.fr\/blog\/\",\"logo\":{\"@type\":\"ImageObject\",\"inLanguage\":\"fr-FR\",\"@id\":\"https:\/\/www.dullac.fr\/blog\/#\/schema\/logo\/image\/\",\"url\":\"https:\/\/www.dullac.fr\/blog\/wp-content\/uploads\/2020\/06\/logo-dullac-imprimerie-toulonnaise-la-garde-83.jpg\",\"contentUrl\":\"https:\/\/www.dullac.fr\/blog\/wp-content\/uploads\/2020\/06\/logo-dullac-imprimerie-toulonnaise-la-garde-83.jpg\",\"width\":512,\"height\":512,\"caption\":\"Dullac\"},\"image\":{\"@id\":\"https:\/\/www.dullac.fr\/blog\/#\/schema\/logo\/image\/\"}},{\"@type\":\"Person\",\"@id\":\"https:\/\/www.dullac.fr\/blog\/#\/schema\/person\/25549fe96f89476911e7c3fe6c926343\",\"name\":\"Dullac\",\"image\":{\"@type\":\"ImageObject\",\"inLanguage\":\"fr-FR\",\"@id\":\"https:\/\/www.dullac.fr\/blog\/#\/schema\/person\/image\/\",\"url\":\"https:\/\/secure.gravatar.com\/avatar\/dc088885106705713cfd3220830b79bd?s=96&d=mm&r=g\",\"contentUrl\":\"https:\/\/secure.gravatar.com\/avatar\/dc088885106705713cfd3220830b79bd?s=96&d=mm&r=g\",\"caption\":\"Dullac\"},\"description\":\"Imprimerie num\u00e9rique bas\u00e9e \u00e0 La Garde &amp; La Seyne s\/ Mer. Nous accompagnons les professionnels, collectivit\u00e9s, associations et particuliers dans tous leurs projets de communication imprim\u00e9e, signal\u00e9tique et marquage personnalis\u00e9 : Papeterie &amp; supports imprim\u00e9s, Communication grand format, \u00c9v\u00e9nementiel &amp; visibilit\u00e9, Textile personnalis\u00e9, Objets publicitaires, Signal\u00e9tique &amp; panneaux, Marquage adh\u00e9sif sur v\u00e9hicule, Pose grand format ... Gr\u00e2ce \u00e0 notre propre parc machines, nous ma\u00eetrisons l\u2019ensemble de la cha\u00eene de production en interne. Pas d\u2019interm\u00e9diaire, plus de r\u00e9activit\u00e9, un meilleur suivi de fabrication, des d\u00e9lais rapides et des tarifs comp\u00e9titifs. Notre \u00e9quipe vous accueille et vous conseille du lundi au vendredi, de 10h \u00e0 18h non-stop.\",\"sameAs\":[\"http:\/\/www.dullac.fr\"],\"url\":\"https:\/\/www.dullac.fr\/blog\/author\/marketing-dullac\/\"}]}<\/script>\n<!-- \/ Yoast SEO plugin. -->","yoast_head_json":{"title":"Marquage sur v\u00e9hicule : La communication mobile ! - Blog Dullac","description":"L'imprimerie Dullac, \u00e0 Toulon, dans le Var est sp\u00e9cialiste du marquage publicitaire sur v\u00e9hicule. Soyez vu et reconnu lorsque vous roulez !","robots":{"index":"index","follow":"follow","max-snippet":"max-snippet:-1","max-image-preview":"max-image-preview:large","max-video-preview":"max-video-preview:-1"},"canonical":"https:\/\/www.dullac.fr\/blog\/marquage-vehicule\/","og_locale":"fr_FR","og_type":"article","og_title":"Marquage sur v\u00e9hicule : La communication mobile ! - Blog Dullac","og_description":"L'imprimerie Dullac, \u00e0 Toulon, dans le Var est sp\u00e9cialiste du marquage publicitaire sur v\u00e9hicule. Soyez vu et reconnu lorsque vous roulez !","og_url":"https:\/\/www.dullac.fr\/blog\/marquage-vehicule\/","og_site_name":"Blog Dullac","article_published_time":"2019-02-22T08:16:10+00:00","article_modified_time":"2026-03-31T15:45:41+00:00","og_image":[{"width":1200,"height":800,"url":"https:\/\/www.dullac.fr\/blog\/wp-content\/uploads\/2018\/05\/petit-utilitaire-personnalise-marquage-vehicule-covering-dullac-toulon-la-garde.jpg","type":"image\/jpeg"}],"author":"Dullac","twitter_card":"summary_large_image","twitter_misc":{"\u00c9crit par":"Dullac","Dur\u00e9e de lecture estim\u00e9e":"6 minutes"},"schema":{"@context":"https:\/\/schema.org","@graph":[{"@type":"Article","@id":"https:\/\/www.dullac.fr\/blog\/marquage-vehicule\/#article","isPartOf":{"@id":"https:\/\/www.dullac.fr\/blog\/marquage-vehicule\/"},"author":{"name":"Dullac","@id":"https:\/\/www.dullac.fr\/blog\/#\/schema\/person\/25549fe96f89476911e7c3fe6c926343"},"headline":"Marquage sur v\u00e9hicule : La communication mobile !","datePublished":"2019-02-22T08:16:10+00:00","dateModified":"2026-03-31T15:45:41+00:00","mainEntityOfPage":{"@id":"https:\/\/www.dullac.fr\/blog\/marquage-vehicule\/"},"wordCount":1437,"commentCount":7,"publisher":{"@id":"https:\/\/www.dullac.fr\/blog\/#organization"},"image":{"@id":"https:\/\/www.dullac.fr\/blog\/marquage-vehicule\/#primaryimage"},"thumbnailUrl":"https:\/\/www.dullac.fr\/blog\/wp-content\/uploads\/2018\/05\/petit-utilitaire-personnalise-marquage-vehicule-covering-dullac-toulon-la-garde.jpg","articleSection":["Tendances"],"inLanguage":"fr-FR","potentialAction":[{"@type":"CommentAction","name":"Comment","target":["https:\/\/www.dullac.fr\/blog\/marquage-vehicule\/#respond"]}]},{"@type":"WebPage","@id":"https:\/\/www.dullac.fr\/blog\/marquage-vehicule\/","url":"https:\/\/www.dullac.fr\/blog\/marquage-vehicule\/","name":"Marquage sur v\u00e9hicule : La communication mobile ! - Blog Dullac","isPartOf":{"@id":"https:\/\/www.dullac.fr\/blog\/#website"},"primaryImageOfPage":{"@id":"https:\/\/www.dullac.fr\/blog\/marquage-vehicule\/#primaryimage"},"image":{"@id":"https:\/\/www.dullac.fr\/blog\/marquage-vehicule\/#primaryimage"},"thumbnailUrl":"https:\/\/www.dullac.fr\/blog\/wp-content\/uploads\/2018\/05\/petit-utilitaire-personnalise-marquage-vehicule-covering-dullac-toulon-la-garde.jpg","datePublished":"2019-02-22T08:16:10+00:00","dateModified":"2026-03-31T15:45:41+00:00","description":"L'imprimerie Dullac, \u00e0 Toulon, dans le Var est sp\u00e9cialiste du marquage publicitaire sur v\u00e9hicule. Soyez vu et reconnu lorsque vous roulez !","breadcrumb":{"@id":"https:\/\/www.dullac.fr\/blog\/marquage-vehicule\/#breadcrumb"},"inLanguage":"fr-FR","potentialAction":[{"@type":"ReadAction","target":["https:\/\/www.dullac.fr\/blog\/marquage-vehicule\/"]}]},{"@type":"ImageObject","inLanguage":"fr-FR","@id":"https:\/\/www.dullac.fr\/blog\/marquage-vehicule\/#primaryimage","url":"https:\/\/www.dullac.fr\/blog\/wp-content\/uploads\/2018\/05\/petit-utilitaire-personnalise-marquage-vehicule-covering-dullac-toulon-la-garde.jpg","contentUrl":"https:\/\/www.dullac.fr\/blog\/wp-content\/uploads\/2018\/05\/petit-utilitaire-personnalise-marquage-vehicule-covering-dullac-toulon-la-garde.jpg","width":1200,"height":800,"caption":"petit utilitaire personnalise marquage vehicule covering dullac toulon la garde"},{"@type":"BreadcrumbList","@id":"https:\/\/www.dullac.fr\/blog\/marquage-vehicule\/#breadcrumb","itemListElement":[{"@type":"ListItem","position":1,"name":"Accueil","item":"https:\/\/www.dullac.fr\/blog\/"},{"@type":"ListItem","position":2,"name":"Marquage sur v\u00e9hicule : La communication mobile !"}]},{"@type":"WebSite","@id":"https:\/\/www.dullac.fr\/blog\/#website","url":"https:\/\/www.dullac.fr\/blog\/","name":"Blog Dullac","description":"Le Blog de l&#039;objet publicitaire","publisher":{"@id":"https:\/\/www.dullac.fr\/blog\/#organization"},"potentialAction":[{"@type":"SearchAction","target":{"@type":"EntryPoint","urlTemplate":"https:\/\/www.dullac.fr\/blog\/?s={search_term_string}"},"query-input":{"@type":"PropertyValueSpecification","valueRequired":true,"valueName":"search_term_string"}}],"inLanguage":"fr-FR"},{"@type":"Organization","@id":"https:\/\/www.dullac.fr\/blog\/#organization","name":"Dullac","url":"https:\/\/www.dullac.fr\/blog\/","logo":{"@type":"ImageObject","inLanguage":"fr-FR","@id":"https:\/\/www.dullac.fr\/blog\/#\/schema\/logo\/image\/","url":"https:\/\/www.dullac.fr\/blog\/wp-content\/uploads\/2020\/06\/logo-dullac-imprimerie-toulonnaise-la-garde-83.jpg","contentUrl":"https:\/\/www.dullac.fr\/blog\/wp-content\/uploads\/2020\/06\/logo-dullac-imprimerie-toulonnaise-la-garde-83.jpg","width":512,"height":512,"caption":"Dullac"},"image":{"@id":"https:\/\/www.dullac.fr\/blog\/#\/schema\/logo\/image\/"}},{"@type":"Person","@id":"https:\/\/www.dullac.fr\/blog\/#\/schema\/person\/25549fe96f89476911e7c3fe6c926343","name":"Dullac","image":{"@type":"ImageObject","inLanguage":"fr-FR","@id":"https:\/\/www.dullac.fr\/blog\/#\/schema\/person\/image\/","url":"https:\/\/secure.gravatar.com\/avatar\/dc088885106705713cfd3220830b79bd?s=96&d=mm&r=g","contentUrl":"https:\/\/secure.gravatar.com\/avatar\/dc088885106705713cfd3220830b79bd?s=96&d=mm&r=g","caption":"Dullac"},"description":"Imprimerie num\u00e9rique bas\u00e9e \u00e0 La Garde &amp; La Seyne s\/ Mer. Nous accompagnons les professionnels, collectivit\u00e9s, associations et particuliers dans tous leurs projets de communication imprim\u00e9e, signal\u00e9tique et marquage personnalis\u00e9 : Papeterie &amp; supports imprim\u00e9s, Communication grand format, \u00c9v\u00e9nementiel &amp; visibilit\u00e9, Textile personnalis\u00e9, Objets publicitaires, Signal\u00e9tique &amp; panneaux, Marquage adh\u00e9sif sur v\u00e9hicule, Pose grand format ... Gr\u00e2ce \u00e0 notre propre parc machines, nous ma\u00eetrisons l\u2019ensemble de la cha\u00eene de production en interne. Pas d\u2019interm\u00e9diaire, plus de r\u00e9activit\u00e9, un meilleur suivi de fabrication, des d\u00e9lais rapides et des tarifs comp\u00e9titifs. Notre \u00e9quipe vous accueille et vous conseille du lundi au vendredi, de 10h \u00e0 18h non-stop.","sameAs":["http:\/\/www.dullac.fr"],"url":"https:\/\/www.dullac.fr\/blog\/author\/marketing-dullac\/"}]}},"_links":{"self":[{"href":"https:\/\/www.dullac.fr\/blog\/wp-json\/wp\/v2\/posts\/45","targetHints":{"allow":["GET"]}}],"collection":[{"href":"https:\/\/www.dullac.fr\/blog\/wp-json\/wp\/v2\/posts"}],"about":[{"href":"https:\/\/www.dullac.fr\/blog\/wp-json\/wp\/v2\/types\/post"}],"author":[{"embeddable":true,"href":"https:\/\/www.dullac.fr\/blog\/wp-json\/wp\/v2\/users\/10"}],"replies":[{"embeddable":true,"href":"https:\/\/www.dullac.fr\/blog\/wp-json\/wp\/v2\/comments?post=45"}],"version-history":[{"count":15,"href":"https:\/\/www.dullac.fr\/blog\/wp-json\/wp\/v2\/posts\/45\/revisions"}],"predecessor-version":[{"id":909,"href":"https:\/\/www.dullac.fr\/blog\/wp-json\/wp\/v2\/posts\/45\/revisions\/909"}],"wp:featuredmedia":[{"embeddable":true,"href":"https:\/\/www.dullac.fr\/blog\/wp-json\/wp\/v2\/media\/225"}],"wp:attachment":[{"href":"https:\/\/www.dullac.fr\/blog\/wp-json\/wp\/v2\/media?parent=45"}],"wp:term":[{"taxonomy":"category","embeddable":true,"href":"https:\/\/www.dullac.fr\/blog\/wp-json\/wp\/v2\/categories?post=45"},{"taxonomy":"post_tag","embeddable":true,"href":"https:\/\/www.dullac.fr\/blog\/wp-json\/wp\/v2\/tags?post=45"}],"curies":[{"name":"wp","href":"https:\/\/api.w.org\/{rel}","templated":true}]}}